{"id":1938,"date":"2025-04-28T18:27:28","date_gmt":"2025-04-28T18:27:28","guid":{"rendered":"https:\/\/unidemat.edu.mx\/web\/?p=1938"},"modified":"2025-04-28T18:27:29","modified_gmt":"2025-04-28T18:27:29","slug":"udm-recibe-a-estudiantes-de-preparatorias-ricardo-flores-magon-y-antonio-caso","status":"publish","type":"post","link":"https:\/\/unidemat.edu.mx\/web\/udm-recibe-a-estudiantes-de-preparatorias-ricardo-flores-magon-y-antonio-caso\/","title":{"rendered":"UDM Recibe a Estudiantes de Preparatorias Ricardo Flores Mag\u00f3n y Antonio Caso"},"content":{"rendered":"\n<p>Con gran entusiasmo, la <strong>Universidad de Matamoros<\/strong> recibi\u00f3 en sus instalaciones a estudiantes de las preparatorias <strong>Ricardo Flores Mag\u00f3n<\/strong> y <strong>Antonio Caso<\/strong>, quienes est\u00e1n pr\u00f3ximos a iniciar su formaci\u00f3n profesional.&nbsp;<\/p>\n\n\n\n<p>Esta visita forma parte de nuestro compromiso por <strong>orientar y acompa\u00f1ar a los j\u00f3venes<\/strong> en su proceso de elecci\u00f3n vocacional, mostr\u00e1ndoles de cerca lo que significa ser parte de la <strong>#ComunidadUDM<\/strong>.<\/p>\n\n\n\n<figure class=\"wp-block-image size-large\"><img fetchpriority=\"high\" decoding=\"async\" width=\"1024\" height=\"683\" src=\"https:\/\/unidemat.edu.mx\/web\/wp-content\/uploads\/2025\/04\/18-1024x683.png\" alt=\"\" class=\"wp-image-1940\" srcset=\"https:\/\/unidemat.edu.mx\/web\/wp-content\/uploads\/2025\/04\/18-1024x683.png 1024w, https:\/\/unidemat.edu.mx\/web\/wp-content\/uploads\/2025\/04\/18-300x200.png 300w, https:\/\/unidemat.edu.mx\/web\/wp-content\/uploads\/2025\/04\/18-768x512.png 768w, https:\/\/unidemat.edu.mx\/web\/wp-content\/uploads\/2025\/04\/18-1536x1024.png 1536w, https:\/\/unidemat.edu.mx\/web\/wp-content\/uploads\/2025\/04\/18-2048x1365.png 2048w\" sizes=\"(max-width: 1024px) 100vw, 1024px\" \/><\/figure>\n\n\n\n<h4 class=\"wp-block-heading\"><strong>Un Recorrido que Inspira<\/strong><\/h4>\n\n\n\n<p>Durante su visita, los alumnos tuvieron la oportunidad de recorrer cada rinc\u00f3n de la universidad, conociendo:<\/p>\n\n\n\n<ul class=\"wp-block-list\">\n<li>Las <strong>instalaciones acad\u00e9micas<\/strong> como aulas inteligentes, laboratorios especializados y talleres pr\u00e1cticos.<br><\/li>\n\n\n\n<li>Las <strong>facultades y sus \u00e1reas de especializaci\u00f3n<\/strong>, guiados por docentes y coordinadores que resolvieron sus dudas y compartieron informaci\u00f3n clave sobre cada carrera.<br><\/li>\n\n\n\n<li>Espacios como el <strong>centro de c\u00f3mputo<\/strong>, \u00e1reas deportivas, cl\u00ednicas universitarias y zonas de convivencia estudiantil.<br><\/li>\n<\/ul>\n\n\n\n<p>Esta experiencia les permiti\u00f3 tener una visi\u00f3n clara del entorno universitario y de los recursos que la UDM pone a disposici\u00f3n de sus estudiantes para que desarrollen su m\u00e1ximo potencial.<\/p>\n\n\n\n<h4 class=\"wp-block-heading\"><strong>Oferta Educativa con Enfoque Profesional<\/strong><\/h4>\n\n\n\n<p>Adem\u00e1s del recorrido, el equipo de orientaci\u00f3n educativa present\u00f3 la <strong>oferta acad\u00e9mica<\/strong> de la UDM, destacando las distintas <strong>licenciaturas y programas t\u00e9cnicos<\/strong> disponibles, dise\u00f1ados para responder a las demandas del mundo laboral actual.<\/p>\n\n\n\n<figure class=\"wp-block-image size-large\"><img decoding=\"async\" width=\"1024\" height=\"683\" src=\"https:\/\/unidemat.edu.mx\/web\/wp-content\/uploads\/2025\/04\/25-1024x683.png\" alt=\"\" class=\"wp-image-1946\" srcset=\"https:\/\/unidemat.edu.mx\/web\/wp-content\/uploads\/2025\/04\/25-1024x683.png 1024w, https:\/\/unidemat.edu.mx\/web\/wp-content\/uploads\/2025\/04\/25-300x200.png 300w, https:\/\/unidemat.edu.mx\/web\/wp-content\/uploads\/2025\/04\/25-768x512.png 768w, https:\/\/unidemat.edu.mx\/web\/wp-content\/uploads\/2025\/04\/25-1536x1024.png 1536w, https:\/\/unidemat.edu.mx\/web\/wp-content\/uploads\/2025\/04\/25-2048x1365.png 2048w\" sizes=\"(max-width: 1024px) 100vw, 1024px\" \/><\/figure>\n\n\n\n<h4 class=\"wp-block-heading\"><strong>Formando Futuros Profesionales<\/strong><\/h4>\n\n\n\n<p>Esta actividad no solo busca atraer nuevos talentos, sino tambi\u00e9n <strong>inspirar a los j\u00f3venes a visualizar su futuro acad\u00e9mico con claridad y seguridad<\/strong>.&nbsp;<\/p>\n\n\n\n<p>Recibir a estudiantes de nivel medio superior en nuestro campus fortalece el v\u00ednculo entre la universidad y la comunidad educativa de la regi\u00f3n.<\/p>\n\n\n\n<figure class=\"wp-block-image size-large\"><img decoding=\"async\" width=\"1024\" height=\"683\" src=\"https:\/\/unidemat.edu.mx\/web\/wp-content\/uploads\/2025\/04\/8-2-1024x683.png\" alt=\"\" class=\"wp-image-1942\" srcset=\"https:\/\/unidemat.edu.mx\/web\/wp-content\/uploads\/2025\/04\/8-2-1024x683.png 1024w, https:\/\/unidemat.edu.mx\/web\/wp-content\/uploads\/2025\/04\/8-2-300x200.png 300w, https:\/\/unidemat.edu.mx\/web\/wp-content\/uploads\/2025\/04\/8-2-768x512.png 768w, https:\/\/unidemat.edu.mx\/web\/wp-content\/uploads\/2025\/04\/8-2-1536x1024.png 1536w, https:\/\/unidemat.edu.mx\/web\/wp-content\/uploads\/2025\/04\/8-2-2048x1365.png 2048w\" sizes=\"(max-width: 1024px) 100vw, 1024px\" \/><\/figure>\n\n\n\n<h3 class=\"wp-block-heading\"><strong>\u00a1Gracias por su Visita!<\/strong><\/h3>\n\n\n\n<p>Agradecemos a las preparatorias <strong>Ricardo Flores Mag\u00f3n<\/strong> y <strong>Antonio Caso<\/strong> por confiar en nosotros y permitirnos compartir este espacio de orientaci\u00f3n vocacional con sus alumnos. Fue un verdadero gusto recibirlos y mostrarles lo que hace \u00fanica a la <strong>Universidad de Matamoros<\/strong>.<\/p>\n\n\n\n<p><strong>\u00a1Esperamos verlos pronto de regreso, esta vez como parte de nuestra comunidad universitaria!<\/strong><\/p>\n\n\n\n<p><strong><br><\/strong> Y si t\u00fa tambi\u00e9n est\u00e1s interesado en conocer m\u00e1s sobre la UDM, <strong>\u00a1las preinscripciones est\u00e1n abiertas!<\/strong><\/p>\n","protected":false},"excerpt":{"rendered":"<p>La UDM recibi\u00f3 con entusiasmo a estudiantes de las preparatorias Ricardo Flores Mag\u00f3n y Antonio Caso para compartirles su oferta educativa y mostrarles sus instalaciones y \u00e1reas de especializaci\u00f3n.<\/p>\n","protected":false},"author":1,"featured_media":1939,"comment_status":"open","ping_status":"open","sticky":false,"template":"","format":"standard","meta":{"footnotes":""},"categories":[7],"tags":[],"class_list":["post-1938","post","type-post","status-publish","format-standard","has-post-thumbnail","hentry","category-evento"],"_links":{"self":[{"href":"https:\/\/unidemat.edu.mx\/web\/wp-json\/wp\/v2\/posts\/1938","targetHints":{"allow":["GET"]}}],"collection":[{"href":"https:\/\/unidemat.edu.mx\/web\/wp-json\/wp\/v2\/posts"}],"about":[{"href":"https:\/\/unidemat.edu.mx\/web\/wp-json\/wp\/v2\/types\/post"}],"author":[{"embeddable":true,"href":"https:\/\/unidemat.edu.mx\/web\/wp-json\/wp\/v2\/users\/1"}],"replies":[{"embeddable":true,"href":"https:\/\/unidemat.edu.mx\/web\/wp-json\/wp\/v2\/comments?post=1938"}],"version-history":[{"count":1,"href":"https:\/\/unidemat.edu.mx\/web\/wp-json\/wp\/v2\/posts\/1938\/revisions"}],"predecessor-version":[{"id":1947,"href":"https:\/\/unidemat.edu.mx\/web\/wp-json\/wp\/v2\/posts\/1938\/revisions\/1947"}],"wp:featuredmedia":[{"embeddable":true,"href":"https:\/\/unidemat.edu.mx\/web\/wp-json\/wp\/v2\/media\/1939"}],"wp:attachment":[{"href":"https:\/\/unidemat.edu.mx\/web\/wp-json\/wp\/v2\/media?parent=1938"}],"wp:term":[{"taxonomy":"category","embeddable":true,"href":"https:\/\/unidemat.edu.mx\/web\/wp-json\/wp\/v2\/categories?post=1938"},{"taxonomy":"post_tag","embeddable":true,"href":"https:\/\/unidemat.edu.mx\/web\/wp-json\/wp\/v2\/tags?post=1938"}],"curies":[{"name":"wp","href":"https:\/\/api.w.org\/{rel}","templated":true}]}}